{"id":1947,"date":"2020-08-12T09:37:34","date_gmt":"2020-08-12T09:37:34","guid":{"rendered":"http:\/\/192.168.15.157\/pmrtc.org\/?p=1947"},"modified":"2025-06-13T09:41:14","modified_gmt":"2025-06-13T09:41:14","slug":"hommage-au-professeur-ogobara-doumbo","status":"publish","type":"post","link":"https:\/\/www.mrtc-parasito.org\/PMRTC\/fr\/hommage-au-professeur-ogobara-doumbo\/","title":{"rendered":"Hommage au Professeur Ogobara Doumbo"},"content":{"rendered":"\n<p>Mardi le 9 juin 2020, a \u00e9t\u00e9 organis\u00e9 le 2\u00e8me anniversaire de d\u00e9c\u00e8s du regrett\u00e9 Professeur Ogobara Doumbo. Nous lui avons rendu un hommage \u00e0 la hauteur de la r\u00e9putation internationale qui \u00e9tait la sienne.<\/p>\n\n\n\n<p>Contexte :<\/p>\n\n\n\n<p>Dans le cadre des c\u00e9r\u00e9monies de comm\u00e9moration de la disparation de notre regrett\u00e9 Professeur Ogobara Doumbo le 9 juin 2018 \u00e0 Marseille en France, nous avons rendu hommage \u00e0 cet illustre homme de sciences en animant en symposium sur la Mycologie. Compte tenu du contexte sanitaire international marqu\u00e9 par la maladie \u00e0 coronavirus, cet hommage a \u00e9t\u00e9 r\u00e9alis\u00e9 \u00e0 travers Zoom.<\/p>\n\n\n\n<p>Ce symposium \u00a0a \u00e9t\u00e9 organis\u00e9 par Madame Doumbo Safiatou Niar\u00e9, Maitre de conf\u00e9rences agr\u00e9g\u00e9e en Parasitologie-Mycologies sur le th\u00e8me : Les champignons, ennemis cach\u00e9s de notre sant\u00e9.<\/p>\n\n\n\n<p>D\u00e9roulement du symposium<\/p>\n\n\n\n<p>Les propos introductifs ont \u00e9t\u00e9 prononc\u00e9s par le Pr. Abdoulaye Djimd\u00e9, Directeur du MRTC-Parasito. C\u2019\u00e9tait le lieu pour associer la communaut\u00e9 scientifique que le Pr. Doumbo s\u2019\u00e9tait engag\u00e9 \u00e0 f\u00e9d\u00e9rer tout au long de sa carri\u00e8re. Cette introduction a \u00e9t\u00e9 suivie par les pr\u00e9sentations scientifiques de divers conf\u00e9renciers internationaux d\u2019Afrique et d\u2019Europe.<\/p>\n\n\n\n<p>Pour ce 2\u00e8me anniversaire, environ 190 personnes connect\u00e9es ont \u00e9t\u00e9 enregistr\u00e9es.<\/p>\n\n\n\n<p>La SOAP et le Cames \u00e0 travers le PTR sant\u00e9 ont \u00e9t\u00e9s fortement repr\u00e9sent\u00e9s.<\/p>\n\n\n\n<p>Plusieurs th\u00e9matiques ont \u00e9t\u00e9 abord\u00e9es, telles que la clinique, l\u2019\u00e9pid\u00e9miologie, les th\u00e9rapeutiques, le diagnostic, les myc\u00e9tomes, les candidoses, les dermotophytoses, les aspergilloses, les cryptococcoses et les antifongiques.<\/p>\n\n\n\n<p>Ce symposium a \u00e9t\u00e9 finalis\u00e9 par les mots de remerciement du Pr. Abdoulaye Djimd\u00e9 et un t\u00e9moignage de l\u2019ancien Ministre de la Sant\u00e9 du Mali, Pr. Samba Sow, qui est \u00e9galement l\u2019un des anciens \u00e9l\u00e8ves du Pr. Ogobara Doumbo.<\/p>\n\n\n\n<p>Que tous les participants trouvent ici l\u2019expression de la gratitude des organisateurs de l\u2019\u00e9v\u00e8nement.<\/p>\n","protected":false},"excerpt":{"rendered":"<p>Mardi le 9 juin 2020, a \u00e9t\u00e9 organis\u00e9 le 2\u00e8me anniversaire de d\u00e9c\u00e8s du regrett\u00e9 Professeur Ogobara Doumbo. Nous lui avons rendu un hommage \u00e0 la hauteur de la r\u00e9putation internationale qui \u00e9tait la sienne. Contexte : Dans le cadre des c\u00e9r\u00e9monies de comm\u00e9moration de la disparation de notre regrett\u00e9 Professeur Ogobara Doumbo le 9&#8230;<\/p>\n","protected":false},"author":1,"featured_media":629,"comment_status":"open","ping_status":"open","sticky":false,"template":"","format":"standard","meta":{"_uag_custom_page_level_css":"","_kad_post_transparent":"","_kad_post_title":"","_kad_post_layout":"","_kad_post_sidebar_id":"","_kad_post_content_style":"","_kad_post_vertical_padding":"","_kad_post_feature":"","_kad_post_feature_position":"","_kad_post_header":false,"_kad_post_footer":false,"_kad_post_classname":"","footnotes":""},"categories":[21],"tags":[],"class_list":["post-1947","post","type-post","status-publish","format-standard","has-post-thumbnail","hentry","category-actualites-pmrtc"],"uagb_featured_image_src":{"full":["https:\/\/www.mrtc-parasito.org\/PMRTC\/wp-content\/uploads\/2025\/05\/000_sf25l_0.jpg",1280,720,false],"thumbnail":["https:\/\/www.mrtc-parasito.org\/PMRTC\/wp-content\/uploads\/2025\/05\/000_sf25l_0-150x150.jpg",150,150,true],"medium":["https:\/\/www.mrtc-parasito.org\/PMRTC\/wp-content\/uploads\/2025\/05\/000_sf25l_0-300x169.jpg",300,169,true],"medium_large":["https:\/\/www.mrtc-parasito.org\/PMRTC\/wp-content\/uploads\/2025\/05\/000_sf25l_0-768x432.jpg",768,432,true],"large":["https:\/\/www.mrtc-parasito.org\/PMRTC\/wp-content\/uploads\/2025\/05\/000_sf25l_0-1024x576.jpg",1024,576,true],"1536x1536":["https:\/\/www.mrtc-parasito.org\/PMRTC\/wp-content\/uploads\/2025\/05\/000_sf25l_0.jpg",1280,720,false],"2048x2048":["https:\/\/www.mrtc-parasito.org\/PMRTC\/wp-content\/uploads\/2025\/05\/000_sf25l_0.jpg",1280,720,false]},"uagb_author_info":{"display_name":"admin","author_link":"https:\/\/www.mrtc-parasito.org\/PMRTC\/author\/admin\/"},"uagb_comment_info":0,"uagb_excerpt":"Mardi le 9 juin 2020, a \u00e9t\u00e9 organis\u00e9 le 2\u00e8me anniversaire de d\u00e9c\u00e8s du regrett\u00e9 Professeur Ogobara Doumbo. Nous lui avons rendu un hommage \u00e0 la hauteur de la r\u00e9putation internationale qui \u00e9tait la sienne. Contexte : Dans le cadre des c\u00e9r\u00e9monies de comm\u00e9moration de la disparation de notre regrett\u00e9 Professeur Ogobara Doumbo le 9...","rttpg_featured_image_url":{"full":["https:\/\/www.mrtc-parasito.org\/PMRTC\/wp-content\/uploads\/2025\/05\/000_sf25l_0.jpg",1280,720,false],"landscape":["https:\/\/www.mrtc-parasito.org\/PMRTC\/wp-content\/uploads\/2025\/05\/000_sf25l_0.jpg",1280,720,false],"portraits":["https:\/\/www.mrtc-parasito.org\/PMRTC\/wp-content\/uploads\/2025\/05\/000_sf25l_0.jpg",1280,720,false],"thumbnail":["https:\/\/www.mrtc-parasito.org\/PMRTC\/wp-content\/uploads\/2025\/05\/000_sf25l_0-150x150.jpg",150,150,true],"medium":["https:\/\/www.mrtc-parasito.org\/PMRTC\/wp-content\/uploads\/2025\/05\/000_sf25l_0-300x169.jpg",300,169,true],"large":["https:\/\/www.mrtc-parasito.org\/PMRTC\/wp-content\/uploads\/2025\/05\/000_sf25l_0-1024x576.jpg",1024,576,true],"1536x1536":["https:\/\/www.mrtc-parasito.org\/PMRTC\/wp-content\/uploads\/2025\/05\/000_sf25l_0.jpg",1280,720,false],"2048x2048":["https:\/\/www.mrtc-parasito.org\/PMRTC\/wp-content\/uploads\/2025\/05\/000_sf25l_0.jpg",1280,720,false]},"rttpg_author":{"display_name":"admin","author_link":"https:\/\/www.mrtc-parasito.org\/PMRTC\/author\/admin\/"},"rttpg_comment":0,"rttpg_category":"<a href=\"https:\/\/www.mrtc-parasito.org\/PMRTC\/fr\/category\/actualites-pmrtc\/\" rel=\"category tag\">Actualit\u00e9s PMRTC<\/a>","rttpg_excerpt":"Mardi le 9 juin 2020, a \u00e9t\u00e9 organis\u00e9 le 2\u00e8me anniversaire de d\u00e9c\u00e8s du regrett\u00e9 Professeur Ogobara Doumbo. Nous lui avons rendu un hommage \u00e0 la hauteur de la r\u00e9putation internationale qui \u00e9tait la sienne. Contexte : Dans le cadre des c\u00e9r\u00e9monies de comm\u00e9moration de la disparation de notre regrett\u00e9 Professeur Ogobara Doumbo le 9...","_links":{"self":[{"href":"https:\/\/www.mrtc-parasito.org\/PMRTC\/wp-json\/wp\/v2\/posts\/1947","targetHints":{"allow":["GET"]}}],"collection":[{"href":"https:\/\/www.mrtc-parasito.org\/PMRTC\/wp-json\/wp\/v2\/posts"}],"about":[{"href":"https:\/\/www.mrtc-parasito.org\/PMRTC\/wp-json\/wp\/v2\/types\/post"}],"author":[{"embeddable":true,"href":"https:\/\/www.mrtc-parasito.org\/PMRTC\/wp-json\/wp\/v2\/users\/1"}],"replies":[{"embeddable":true,"href":"https:\/\/www.mrtc-parasito.org\/PMRTC\/wp-json\/wp\/v2\/comments?post=1947"}],"version-history":[{"count":1,"href":"https:\/\/www.mrtc-parasito.org\/PMRTC\/wp-json\/wp\/v2\/posts\/1947\/revisions"}],"predecessor-version":[{"id":1948,"href":"https:\/\/www.mrtc-parasito.org\/PMRTC\/wp-json\/wp\/v2\/posts\/1947\/revisions\/1948"}],"wp:featuredmedia":[{"embeddable":true,"href":"https:\/\/www.mrtc-parasito.org\/PMRTC\/wp-json\/wp\/v2\/media\/629"}],"wp:attachment":[{"href":"https:\/\/www.mrtc-parasito.org\/PMRTC\/wp-json\/wp\/v2\/media?parent=1947"}],"wp:term":[{"taxonomy":"category","embeddable":true,"href":"https:\/\/www.mrtc-parasito.org\/PMRTC\/wp-json\/wp\/v2\/categories?post=1947"},{"taxonomy":"post_tag","embeddable":true,"href":"https:\/\/www.mrtc-parasito.org\/PMRTC\/wp-json\/wp\/v2\/tags?post=1947"}],"curies":[{"name":"wp","href":"https:\/\/api.w.org\/{rel}","templated":true}]}}